{"id":19196,"date":"2025-06-11T16:21:02","date_gmt":"2025-06-11T14:21:02","guid":{"rendered":"https:\/\/farineracoromina.com\/?p=19196"},"modified":"2025-11-11T16:59:17","modified_gmt":"2025-11-11T14:59:17","slug":"compromis-amb-la-igualtat-doportunitats","status":"publish","type":"post","link":"https:\/\/farineracoromina.com\/ca\/2025\/06\/11\/compromis-amb-la-igualtat-doportunitats\/","title":{"rendered":"Comprom\u00eds amb la igualtat d\u2019oportunitats"},"content":{"rendered":"<div class=\"fusion-fullwidth fullwidth-box fusion-builder-row-1 fusion-flex-container has-pattern-background has-mask-background nonhundred-percent-fullwidth non-hundred-percent-height-scrolling\" style=\"--awb-border-radius-top-left:0px;--awb-border-radius-top-right:0px;--awb-border-radius-bottom-right:0px;--awb-border-radius-bottom-left:0px;--awb-flex-wrap:wrap;\" ><div class=\"fusion-builder-row fusion-row fusion-flex-align-items-flex-start fusion-flex-content-wrap\" style=\"max-width:1248px;margin-left: calc(-4% \/ 2 );margin-right: calc(-4% \/ 2 );\"><div class=\"fusion-layout-column fusion_builder_column fusion-builder-column-0 fusion_builder_column_1_1 1_1 fusion-flex-column\" style=\"--awb-bg-size:cover;--awb-width-large:100%;--awb-margin-top-large:20px;--awb-spacing-right-large:1.92%;--awb-margin-bottom-large:20px;--awb-spacing-left-large:1.92%;--awb-width-medium:100%;--awb-order-medium:0;--awb-spacing-right-medium:1.92%;--awb-spacing-left-medium:1.92%;--awb-width-small:100%;--awb-order-small:0;--awb-spacing-right-small:1.92%;--awb-spacing-left-small:1.92%;\"><div class=\"fusion-column-wrapper fusion-column-has-shadow fusion-flex-justify-content-flex-start fusion-content-layout-column\"><div class=\"fusion-image-element \" style=\"--awb-caption-title-font-family:var(--h2_typography-font-family);--awb-caption-title-font-weight:var(--h2_typography-font-weight);--awb-caption-title-font-style:var(--h2_typography-font-style);--awb-caption-title-size:var(--h2_typography-font-size);--awb-caption-title-transform:var(--h2_typography-text-transform);--awb-caption-title-line-height:var(--h2_typography-line-height);--awb-caption-title-letter-spacing:var(--h2_typography-letter-spacing);\"><span class=\" fusion-imageframe imageframe-none imageframe-1 hover-type-none\"><img decoding=\"async\" width=\"3508\" height=\"868\" title=\"BANNER FARINERA_CAT (1)\" src=\"https:\/\/farineracoromina.com\/wp-content\/uploads\/2025\/11\/BANNER-FARINERA_CAT-1.png\" data-orig-src=\"https:\/\/farineracoromina.com\/wp-content\/uploads\/2025\/11\/BANNER-FARINERA_CAT-1.png\" alt class=\"lazyload img-responsive wp-image-19169\" srcset=\"data:image\/svg+xml,%3Csvg%20xmlns%3D%27http%3A%2F%2Fwww.w3.org%2F2000%2Fsvg%27%20width%3D%273508%27%20height%3D%27868%27%20viewBox%3D%270%200%203508%20868%27%3E%3Crect%20width%3D%273508%27%20height%3D%27868%27%20fill-opacity%3D%220%22%2F%3E%3C%2Fsvg%3E\" data-srcset=\"https:\/\/farineracoromina.com\/wp-content\/uploads\/2025\/11\/BANNER-FARINERA_CAT-1-200x49.png 200w, https:\/\/farineracoromina.com\/wp-content\/uploads\/2025\/11\/BANNER-FARINERA_CAT-1-400x99.png 400w, https:\/\/farineracoromina.com\/wp-content\/uploads\/2025\/11\/BANNER-FARINERA_CAT-1-600x148.png 600w, https:\/\/farineracoromina.com\/wp-content\/uploads\/2025\/11\/BANNER-FARINERA_CAT-1-800x198.png 800w, https:\/\/farineracoromina.com\/wp-content\/uploads\/2025\/11\/BANNER-FARINERA_CAT-1-1200x297.png 1200w, https:\/\/farineracoromina.com\/wp-content\/uploads\/2025\/11\/BANNER-FARINERA_CAT-1.png 3508w\" data-sizes=\"auto\" data-orig-sizes=\"(max-width: 900px) 100vw, (max-width: 600px) 100vw, 1200px\" \/><\/span><\/div><div class=\"fusion-separator fusion-full-width-sep\" style=\"align-self: center;margin-left: auto;margin-right: auto;width:100%;\"><\/div><div class=\"fusion-title title fusion-title-1 fusion-sep-none fusion-title-text fusion-title-size-two\" style=\"--awb-margin-top-small:10px;--awb-margin-right-small:0px;--awb-margin-bottom-small:15px;--awb-margin-left-small:0px;\"><h2 class=\"fusion-title-heading title-heading-left fusion-responsive-typography-calculated\" style=\"margin:0;--fontSize:35;line-height:1.28;\"><h3 class=\"post-title\">Farinera Coromina amb la Igualtat d&#8217;Oportunitats.<\/h3>\n<div class=\"single-post-content\">\n<div class=\"elementor elementor-34972\" data-elementor-type=\"wp-post\" data-elementor-id=\"34972\" data-elementor-post-type=\"post\">\n<section class=\"elementor-section elementor-top-section elementor-element elementor-element-11b77a1e elementor-section-boxed elementor-section-height-default elementor-section-height-default\" data-id=\"11b77a1e\" data-element_type=\"section\">\n<div class=\"elementor-container elementor-column-gap-default\">\n<div class=\"elementor-column elementor-col-100 elementor-top-column elementor-element elementor-element-1116b831\" data-id=\"1116b831\" data-element_type=\"column\">\n<div class=\"elementor-widget-wrap elementor-element-populated\">\n<div class=\"elementor-element elementor-element-6314d26 elementor-widget elementor-widget-text-editor\" data-id=\"6314d26\" data-element_type=\"widget\" data-widget_type=\"text-editor.default\">\n<div class=\"elementor-widget-container\">\n<div>\n<h2><\/h2>\n<\/div>\n<\/div>\n<\/div>\n<\/div>\n<\/div>\n<\/div>\n<\/section>\n<\/div>\n<\/div><\/h2><\/div><div class=\"fusion-text fusion-text-1\"><p data-start=\"400\" data-end=\"686\">El passat mes de febrer, des de la direcci\u00f3 del <strong data-start=\"448\" data-end=\"468\">Grup Agrienergia<\/strong>, es va aprovar el <strong data-start=\"487\" data-end=\"515\">Pla d\u2019Igualtat 2025-2028<\/strong>, reafirmant el comprom\u00eds del grup\u00a0 i, per tant, tamb\u00e9 de <strong data-start=\"573\" data-end=\"594\">Farinera Coromina <\/strong>amb la igualtat real d\u2019oportunitats entre dones i homes en tots els \u00e0mbits de l\u2019empresa.<\/p>\n<p data-start=\"688\" data-end=\"912\">Aquest Pla d\u2019Igualtat abasta tots els eixos del desenvolupament professional dins el grup: des de la contractaci\u00f3 i la promoci\u00f3 interna, fins a la retribuci\u00f3, la formaci\u00f3, la conciliaci\u00f3 i l\u2019assignaci\u00f3 de responsabilitats.<\/p>\n<p data-start=\"914\" data-end=\"1134\">L\u2019objectiu \u00e9s garantir que totes les persones accedeixin als llocs de treball, c\u00e0rrecs de responsabilitat o nivells retributius d\u2019acord amb la seva formaci\u00f3, actitud, capacitat i m\u00e8rits, independentment del seu g\u00e8nere.<\/p>\n<p data-start=\"1136\" data-end=\"1394\">A <strong data-start=\"1138\" data-end=\"1159\">Farinera Coromina<\/strong>, compartim plenament aquesta visi\u00f3, que ent\u00e9n la igualtat com una aplicaci\u00f3 pr\u00e0ctica del principi de meritocr\u00e0cia, posant el focus en el benestar i el progr\u00e9s de les persones, i oferint oportunitats sense cap tipus de discriminaci\u00f3.<\/p>\n<p data-start=\"1396\" data-end=\"1651\">El Pla, vigent per al per\u00edode <strong data-start=\"1426\" data-end=\"1439\">2025-2028<\/strong>, estableix un conjunt d\u2019actuacions concretes per assegurar que aquest comprom\u00eds es reflecteixi en la pr\u00e0ctica di\u00e0ria de totes les empreses del grup, com a guia i garantia per a les persones que en formen part.<\/p>\n<p data-start=\"1653\" data-end=\"1907\">El document va ser elaborat per la <strong data-start=\"1688\" data-end=\"1711\">Comissi\u00f3 d\u2019Igualtat<\/strong> del grup, presentat i aprovat pel <strong data-start=\"1746\" data-end=\"1768\">Comit\u00e8 de Direcci\u00f3<\/strong>, i posteriorment compartit amb tots els equips per promoure una participaci\u00f3 activa en la consecuci\u00f3 d\u2019una igualtat real d\u2019oportunitats.<\/p>\n<p data-start=\"1909\" data-end=\"1943\"><strong data-start=\"1909\" data-end=\"1943\">Comprom\u00eds \u2013 Persones \u2013 Equitat<\/strong><\/p>\n<p data-start=\"1948\" data-end=\"1980\"><em data-start=\"1948\" data-end=\"1978\">L\u2019equip de Farinera Coromina<\/em><\/p>\n<\/div><\/div><\/div><\/div><\/div>\n","protected":false},"excerpt":{"rendered":"","protected":false},"author":4,"featured_media":19203,"comment_status":"open","ping_status":"open","sticky":false,"template":"","format":"standard","meta":{"_acf_changed":false,"footnotes":""},"categories":[98],"tags":[109],"class_list":["post-19196","post","type-post","status-publish","format-standard","has-post-thumbnail","hentry","category-noticia-2","tag-farinera-coromina"],"acf":[],"_links":{"self":[{"href":"https:\/\/farineracoromina.com\/ca\/wp-json\/wp\/v2\/posts\/19196","targetHints":{"allow":["GET"]}}],"collection":[{"href":"https:\/\/farineracoromina.com\/ca\/wp-json\/wp\/v2\/posts"}],"about":[{"href":"https:\/\/farineracoromina.com\/ca\/wp-json\/wp\/v2\/types\/post"}],"author":[{"embeddable":true,"href":"https:\/\/farineracoromina.com\/ca\/wp-json\/wp\/v2\/users\/4"}],"replies":[{"embeddable":true,"href":"https:\/\/farineracoromina.com\/ca\/wp-json\/wp\/v2\/comments?post=19196"}],"version-history":[{"count":3,"href":"https:\/\/farineracoromina.com\/ca\/wp-json\/wp\/v2\/posts\/19196\/revisions"}],"predecessor-version":[{"id":19209,"href":"https:\/\/farineracoromina.com\/ca\/wp-json\/wp\/v2\/posts\/19196\/revisions\/19209"}],"wp:featuredmedia":[{"embeddable":true,"href":"https:\/\/farineracoromina.com\/ca\/wp-json\/wp\/v2\/media\/19203"}],"wp:attachment":[{"href":"https:\/\/farineracoromina.com\/ca\/wp-json\/wp\/v2\/media?parent=19196"}],"wp:term":[{"taxonomy":"category","embeddable":true,"href":"https:\/\/farineracoromina.com\/ca\/wp-json\/wp\/v2\/categories?post=19196"},{"taxonomy":"post_tag","embeddable":true,"href":"https:\/\/farineracoromina.com\/ca\/wp-json\/wp\/v2\/tags?post=19196"}],"curies":[{"name":"wp","href":"https:\/\/api.w.org\/{rel}","templated":true}]}}